{"id":361,"date":"2026-04-01T00:12:00","date_gmt":"2026-04-01T00:12:00","guid":{"rendered":"https:\/\/museodejosecpaz.com.ar\/museo\/?p=361"},"modified":"2026-04-01T13:36:42","modified_gmt":"2026-04-01T13:36:42","slug":"historia","status":"publish","type":"post","link":"https:\/\/museodejosecpaz.com.ar\/museo\/historia\/","title":{"rendered":"Historia"},"content":{"rendered":"<p>JOS\u00c9 C. PAZ: UN POCO DE HISTORIA<\/p>\n<p>S\u00ed trazamos una l\u00ednea de tiempo al hablar de la \u201chistoria de Jos\u00e9 C. Paz\u201d, podemos encontrar cuatro per\u00edodos o etapas:<\/p>\n<p><a href=\"https:\/\/museodejosecpaz.com.ar\/museo\/wp-content\/uploads\/2018\/08\/tiempo.jpg\"><img loading=\"lazy\" decoding=\"async\" class=\"alignnone wp-image-410 size-full\" src=\"https:\/\/museodejosecpaz.com.ar\/museo\/wp-content\/uploads\/2018\/08\/tiempo.jpg\" alt=\"\" width=\"764\" height=\"88\" srcset=\"https:\/\/museodejosecpaz.com.ar\/museo\/wp-content\/uploads\/2018\/08\/tiempo.jpg 764w, https:\/\/museodejosecpaz.com.ar\/museo\/wp-content\/uploads\/2018\/08\/tiempo-300x35.jpg 300w\" sizes=\"auto, (max-width: 764px) 100vw, 764px\" \/><\/a><\/p>\n<ul>\n<li>Hasta 1897: \u201cJos\u00e9 C. Paz rural\u201d<\/li>\n<li>1897 \u2013 1946: \u201cJos\u00e9 C. Paz pueblo\u201d<\/li>\n<li>1946 \u2013 1995: \u201cJos\u00e9 C. Paz y sus barrios\u201d<\/li>\n<li>Desde 1995: \u201cPartido de Jos\u00e9 C. Paz\u201d<\/li>\n<\/ul>\n<p><a href=\"http:\/\/www.museodejosecpaz.com.ar\/historia\/Rese\u00f1a_historica_de_Jose_C_Paz.pdf\" target=\"_blank\" rel=\"noopener\">Ver m\u00e1s &#8230;<\/a><\/p>\n","protected":false},"excerpt":{"rendered":"<p>JOS\u00c9 C. PAZ: UN POCO DE HISTORIA S\u00ed trazamos una l\u00ednea de tiempo al hablar de la \u201chistoria de Jos\u00e9<\/p>\n","protected":false},"author":2,"featured_media":363,"comment_status":"closed","ping_status":"closed","sticky":false,"template":"","format":"standard","meta":{"colormag_page_container_layout":"default_layout","colormag_page_sidebar_layout":"default_layout","_crdt_document":"","om_disable_all_campaigns":false,"_monsterinsights_skip_tracking":false,"_monsterinsights_sitenote_active":false,"_monsterinsights_sitenote_note":"","_monsterinsights_sitenote_category":0,"_uf_show_specific_survey":0,"_uf_disable_surveys":false,"footnotes":""},"categories":[36,35,42,33],"tags":[],"class_list":["post-361","post","type-post","status-publish","format-standard","has-post-thumbnail","hentry","category-asociados","category-donaciones","category-efemerides-octubre","category-historia"],"aioseo_notices":[],"_links":{"self":[{"href":"https:\/\/museodejosecpaz.com.ar\/museo\/wp-json\/wp\/v2\/posts\/361","targetHints":{"allow":["GET"]}}],"collection":[{"href":"https:\/\/museodejosecpaz.com.ar\/museo\/wp-json\/wp\/v2\/posts"}],"about":[{"href":"https:\/\/museodejosecpaz.com.ar\/museo\/wp-json\/wp\/v2\/types\/post"}],"author":[{"embeddable":true,"href":"https:\/\/museodejosecpaz.com.ar\/museo\/wp-json\/wp\/v2\/users\/2"}],"replies":[{"embeddable":true,"href":"https:\/\/museodejosecpaz.com.ar\/museo\/wp-json\/wp\/v2\/comments?post=361"}],"version-history":[{"count":8,"href":"https:\/\/museodejosecpaz.com.ar\/museo\/wp-json\/wp\/v2\/posts\/361\/revisions"}],"predecessor-version":[{"id":1756,"href":"https:\/\/museodejosecpaz.com.ar\/museo\/wp-json\/wp\/v2\/posts\/361\/revisions\/1756"}],"wp:featuredmedia":[{"embeddable":true,"href":"https:\/\/museodejosecpaz.com.ar\/museo\/wp-json\/wp\/v2\/media\/363"}],"wp:attachment":[{"href":"https:\/\/museodejosecpaz.com.ar\/museo\/wp-json\/wp\/v2\/media?parent=361"}],"wp:term":[{"taxonomy":"category","embeddable":true,"href":"https:\/\/museodejosecpaz.com.ar\/museo\/wp-json\/wp\/v2\/categories?post=361"},{"taxonomy":"post_tag","embeddable":true,"href":"https:\/\/museodejosecpaz.com.ar\/museo\/wp-json\/wp\/v2\/tags?post=361"}],"curies":[{"name":"wp","href":"https:\/\/api.w.org\/{rel}","templated":true}]}}