{"id":798,"date":"2019-04-19T13:09:56","date_gmt":"2019-04-19T13:09:56","guid":{"rendered":"https:\/\/museodejosecpaz.com.ar\/museo\/?p=798"},"modified":"2019-05-27T17:38:19","modified_gmt":"2019-05-27T17:38:19","slug":"convenio-con-la-unpaz","status":"publish","type":"post","link":"https:\/\/museodejosecpaz.com.ar\/museo\/convenio-con-la-unpaz\/","title":{"rendered":"Convenio con la UNPAZ"},"content":{"rendered":"<p><a href=\"https:\/\/museodejosecpaz.com.ar\/museo\/wp-content\/uploads\/2019\/04\/19_03_19_UNPAZ_-convenio-1.jpg\"><img loading=\"lazy\" decoding=\"async\" class=\"alignnone wp-image-799 size-full\" src=\"https:\/\/museodejosecpaz.com.ar\/museo\/wp-content\/uploads\/2019\/04\/19_03_19_UNPAZ_-convenio-1.jpg\" alt=\"\" width=\"1016\" height=\"720\" srcset=\"https:\/\/museodejosecpaz.com.ar\/museo\/wp-content\/uploads\/2019\/04\/19_03_19_UNPAZ_-convenio-1.jpg 1016w, https:\/\/museodejosecpaz.com.ar\/museo\/wp-content\/uploads\/2019\/04\/19_03_19_UNPAZ_-convenio-1-300x213.jpg 300w, https:\/\/museodejosecpaz.com.ar\/museo\/wp-content\/uploads\/2019\/04\/19_03_19_UNPAZ_-convenio-1-768x544.jpg 768w\" sizes=\"auto, (max-width: 1016px) 100vw, 1016px\" \/><\/a><\/p>\n<p><strong>Firma de Convenio con la Universidad Nacional de Jos\u00e9 C. Paz<\/strong><\/p>\n<p><strong>\u00a0\u00a0\u00a0\u00a0\u00a0\u00a0\u00a0\u00a0\u00a0\u00a0\u00a0 <\/strong>El pasado 19 de marzo de 2019, en las instalaciones de nuestro Museo Hist\u00f3rico de Jos\u00e9 C. Paz, se firm\u00f3 un convenio de mutua colaboraci\u00f3n entre la Asociaci\u00f3n Museo Hist\u00f3rico de Jos\u00e9 C. Paz, representada por Mar\u00eda Cristina La Vita y Alberto Julio Fern\u00e1ndez, presidenta y secretario respectivamente, y la Universidad Nacional de Jos\u00e9 C. Paz, representada por su rector, Dr. Federico G. Thea.<\/p>\n<p>Participaron del acto Horacio Alberto Dubowec, Ana Blumetti y Mar\u00eda del Carmen Ruiz, miembros de la comisi\u00f3n de la Asociaci\u00f3n Museo Hist\u00f3rico; el Lic. Alejandro Alegretti, secretario de Integraci\u00f3n con la Comunidad y Extensi\u00f3n Universitaria; y la Lic. Sof\u00eda Airala, Directora de Integraci\u00f3n con la Comunidad de la Universidad Nacional de Jos\u00e9 C. Paz; y las Inspectoras de Educaci\u00f3n Lic. Claudia Os\u00e9s y Prof. Ivana Peduli\u00e1, de nivel primario y art\u00edstico respectivamente, del Distrito de Jos\u00e9 C. Paz.<\/p>\n<p>Si bien se vienen realizando actividades en conjunto con la Universidad Nacional de Jos\u00e9 C. Paz desde el a\u00f1o 2016, como los programas de Adultos Mayores y el Cine Debate; este convenio sienta las bases para el desarrollo de futuras actividades comunes de ense\u00f1anza, investigaci\u00f3n, acad\u00e9micas, culturales y extensi\u00f3n entre ambas instituciones; como as\u00ed tambi\u00e9n servir\u00e1 acercar a la comunidad universitaria para que puedan visibilizar el rol del Museo Hist\u00f3rico en el resguardo de la memoria y la historia local, tarea que desarrolla la Asociaci\u00f3n desde hace veintid\u00f3s a\u00f1os en Jos\u00e9 C. Paz, en la regi\u00f3n, en la provincia de Buenos Aires y con instituciones nacionales, como con otras universidades.<\/p>\n","protected":false},"excerpt":{"rendered":"<p>Firma de Convenio con la Universidad Nacional de Jos\u00e9 C. Paz \u00a0\u00a0\u00a0\u00a0\u00a0\u00a0\u00a0\u00a0\u00a0\u00a0\u00a0 El pasado 19 de marzo de 2019, en<\/p>\n","protected":false},"author":2,"featured_media":0,"comment_status":"closed","ping_status":"closed","sticky":false,"template":"","format":"standard","meta":{"colormag_page_container_layout":"default_layout","colormag_page_sidebar_layout":"default_layout","_crdt_document":"","om_disable_all_campaigns":false,"_monsterinsights_skip_tracking":false,"_monsterinsights_sitenote_active":false,"_monsterinsights_sitenote_note":"","_monsterinsights_sitenote_category":0,"_uf_show_specific_survey":0,"_uf_disable_surveys":false,"footnotes":""},"categories":[1],"tags":[44],"class_list":["post-798","post","type-post","status-publish","format-standard","hentry","category-sin-categoria","tag-eventos"],"aioseo_notices":[],"_links":{"self":[{"href":"https:\/\/museodejosecpaz.com.ar\/museo\/wp-json\/wp\/v2\/posts\/798","targetHints":{"allow":["GET"]}}],"collection":[{"href":"https:\/\/museodejosecpaz.com.ar\/museo\/wp-json\/wp\/v2\/posts"}],"about":[{"href":"https:\/\/museodejosecpaz.com.ar\/museo\/wp-json\/wp\/v2\/types\/post"}],"author":[{"embeddable":true,"href":"https:\/\/museodejosecpaz.com.ar\/museo\/wp-json\/wp\/v2\/users\/2"}],"replies":[{"embeddable":true,"href":"https:\/\/museodejosecpaz.com.ar\/museo\/wp-json\/wp\/v2\/comments?post=798"}],"version-history":[{"count":1,"href":"https:\/\/museodejosecpaz.com.ar\/museo\/wp-json\/wp\/v2\/posts\/798\/revisions"}],"predecessor-version":[{"id":800,"href":"https:\/\/museodejosecpaz.com.ar\/museo\/wp-json\/wp\/v2\/posts\/798\/revisions\/800"}],"wp:attachment":[{"href":"https:\/\/museodejosecpaz.com.ar\/museo\/wp-json\/wp\/v2\/media?parent=798"}],"wp:term":[{"taxonomy":"category","embeddable":true,"href":"https:\/\/museodejosecpaz.com.ar\/museo\/wp-json\/wp\/v2\/categories?post=798"},{"taxonomy":"post_tag","embeddable":true,"href":"https:\/\/museodejosecpaz.com.ar\/museo\/wp-json\/wp\/v2\/tags?post=798"}],"curies":[{"name":"wp","href":"https:\/\/api.w.org\/{rel}","templated":true}]}}